{"id":373,"date":"2023-11-03T08:25:24","date_gmt":"2023-11-03T08:25:24","guid":{"rendered":"https:\/\/emident.si\/nova\/paradontalne-bolezni-med-nosecnostjo\/"},"modified":"2024-02-05T09:31:51","modified_gmt":"2024-02-05T09:31:51","slug":"malattie-parodontali-durante-la-gravidanza","status":"publish","type":"post","link":"https:\/\/emident.si\/it\/malattie-parodontali-durante-la-gravidanza\/","title":{"rendered":"Malattie parodontali durante la gravidanza"},"content":{"rendered":"\n<figure class=\"wp-block-image\"><img decoding=\"async\" src=\"https:\/\/www.emident.si\/wp-content\/uploads\/2017\/06\/Nasveti-parodontoza-med-nosecnostjo-01.jpg\" alt=\"\"\/><\/figure>\n\n\n\n<p>La salute del parodonto (tessuti parodontali) \u00e8 direttamente correlata alla salute dell\u2019intero corpo umano, che subisce cambiamenti durante tutti i periodi della vita (pubert\u00e0, gravidanza, menopausa). Le gengive e l\u2019osso parodontale sono influenzati dalle fluttuazioni ormonali, che rendono le gengive pi\u00f9 suscettibili allo sviluppo della malattia parodontale; quindi, \u00e8 necessario prestare particolare attenzione ai denti durante questi periodi per mantenere la salute orale.<\/p>\n\n\n\n<p>Durante la pubert\u00e0, alle ragazze aumenta il livello degli ormoni sessuali estrogeni e progesterone, il che aumenta la sensibilit\u00e0 delle gengive e la reattivit\u00e0 alle sostanze irritanti, compresa la placca. \u00c8 nell\u2019adolescenza che le gengive possono gonfiarsi, diventare marroni e diventare ancora pi\u00f9 sensibili.<\/p>\n\n\n\n<p>Durante le mestruazioni, alcune donne possono avere una gengivite associata al ciclo mestruale, che si manifesta con gonfiore, arrossamento, leggero sanguinamento dalle gengive, una ferita all\u2019interno delle labbra e delle guance, una leggera sensazione di bruciore e disagio alle gengive. Questo tipo di gengivite dimostra che i cambiamenti nella quantit\u00e0 di ormoni influiscono sulla salute delle gengive, poich\u00e9 la condizione peggiora prima delle mestruazioni e i sintomi scompaiono all\u2019inizio delle mestruazioni. Al momento dei cambiamenti ormonali, \u00e8 molto importante mantenere l\u2019igiene orale con una regolare pulizia professionale del tartaro.<\/p>\n\n\n\n<p>I problemi parodontali sono comuni anche durante la gravidanza. Come tutti gli altri tessuti e organi, la gravidanza colpisce anche i denti e le gengive. La gengivite in gravidanza si sviluppa pi\u00f9 spesso nel secondo o terzo mese. Il problema si aggrava per lo pi\u00f9 all\u2019ottavo mese di gravidanza. Alcune donne in gravidanza notano gonfiore, arrossamento e morbidezza delle gengive durante questo periodo. In alcuni, le gengive gonfie possono reagire al caldo o freddo e formare grumi caratteristici chiamati granulomi piogenici. Sono benigni e indolori e di solito scompaiono dopo il parto. In alcuni casi \u00e8 necessaria la rimozione professionale da parte di un dentista o un di un paradontologo.<\/p>\n\n\n\n<p>Anche la salute dei tessuti parodontali ha un impatto significativo sul corso della gravidanza. Qualsiasi infezione parodontale durante la gravidanza aumenta significativamente il rischio di parto prematuro. La malattia parodontale pu\u00f2 causare la gestosi, che colpisce il 5% delle donne in gravidanza e pu\u00f2 essere pericolosa per la vita.<\/p>\n\n\n\n<p>Se la malattia parodontale viene diagnosticata durante la gravidanza, \u00e8 necessaria una procedura non chirurgica di peeling e levigatura delle radici dei denti, che riduce significativamente il rischio di parto prematuro o possibili complicazioni dovute alla malattia parodontale.<\/p>\n\n\n\n<p><\/p>\n\n\n\n<p><\/p>\n\n\n\n<p><\/p>\n\n\n\n<p><\/p>\n\n\n\n<p><\/p>\n\n\n\n<p><\/p>\n","protected":false},"excerpt":{"rendered":"<p>La salute del parodonto (tessuti parodontali) \u00e8 direttamente correlata alla salute dell\u2019intero corpo umano, che subisce cambiamenti durante tutti i periodi della vita (pubert\u00e0, gravidanza, menopausa). Le gengive e l\u2019osso parodontale sono influenzati dalle fluttuazioni ormonali, che rendono le gengive pi\u00f9 suscettibili allo sviluppo della malattia parodontale; quindi, \u00e8 necessario prestare particolare attenzione ai denti [&hellip;]<\/p>\n","protected":false},"author":1,"featured_media":0,"comment_status":"open","ping_status":"open","sticky":false,"template":"","format":"standard","meta":{"footnotes":""},"categories":[3],"tags":[],"class_list":["post-373","post","type-post","status-publish","format-standard","hentry","category-consigli"],"yoast_head":"<!-- This site is optimized with the Yoast SEO plugin v24.5 - https:\/\/yoast.com\/wordpress\/plugins\/seo\/ -->\n<title>Malattie parodontali durante la gravidanza - Centro dentale Emident, Slovenia<\/title>\n<meta name=\"robots\" content=\"index, follow, max-snippet:-1, max-image-preview:large, max-video-preview:-1\" \/>\n<link rel=\"canonical\" href=\"https:\/\/emident.si\/it\/malattie-parodontali-durante-la-gravidanza\/\" \/>\n<meta property=\"og:locale\" content=\"it_IT\" \/>\n<meta property=\"og:type\" content=\"article\" \/>\n<meta property=\"og:title\" content=\"Malattie parodontali durante la gravidanza - Centro dentale Emident, Slovenia\" \/>\n<meta property=\"og:description\" content=\"La salute del parodonto (tessuti parodontali) \u00e8 direttamente correlata alla salute dell\u2019intero corpo umano, che subisce cambiamenti durante tutti i periodi della vita (pubert\u00e0, gravidanza, menopausa). Le gengive e l\u2019osso parodontale sono influenzati dalle fluttuazioni ormonali, che rendono le gengive pi\u00f9 suscettibili allo sviluppo della malattia parodontale; quindi, \u00e8 necessario prestare particolare attenzione ai denti [&hellip;]\" \/>\n<meta property=\"og:url\" content=\"https:\/\/emident.si\/it\/malattie-parodontali-durante-la-gravidanza\/\" \/>\n<meta property=\"og:site_name\" content=\"Centro dentale Emident, Slovenia\" \/>\n<meta property=\"article:publisher\" content=\"https:\/\/www.facebook.com\/profile.php?id=100054564364974\" \/>\n<meta property=\"article:published_time\" content=\"2023-11-03T08:25:24+00:00\" \/>\n<meta property=\"article:modified_time\" content=\"2024-02-05T09:31:51+00:00\" \/>\n<meta property=\"og:image\" content=\"https:\/\/www.emident.si\/wp-content\/uploads\/2017\/06\/Nasveti-parodontoza-med-nosecnostjo-01.jpg\" \/>\n<meta name=\"author\" content=\"emident\" \/>\n<meta name=\"twitter:card\" content=\"summary_large_image\" \/>\n<meta name=\"twitter:label1\" content=\"Scritto da\" \/>\n\t<meta name=\"twitter:data1\" content=\"emident\" \/>\n\t<meta name=\"twitter:label2\" content=\"Tempo di lettura stimato\" \/>\n\t<meta name=\"twitter:data2\" content=\"3 minuti\" \/>\n<script type=\"application\/ld+json\" class=\"yoast-schema-graph\">{\"@context\":\"https:\/\/schema.org\",\"@graph\":[{\"@type\":\"Article\",\"@id\":\"https:\/\/emident.si\/it\/malattie-parodontali-durante-la-gravidanza\/#article\",\"isPartOf\":{\"@id\":\"https:\/\/emident.si\/it\/malattie-parodontali-durante-la-gravidanza\/\"},\"author\":{\"name\":\"emident\",\"@id\":\"https:\/\/emident.si\/it\/#\/schema\/person\/bd38246b3af0f309c72eb705fed5b7f1\"},\"headline\":\"Malattie parodontali durante la gravidanza\",\"datePublished\":\"2023-11-03T08:25:24+00:00\",\"dateModified\":\"2024-02-05T09:31:51+00:00\",\"mainEntityOfPage\":{\"@id\":\"https:\/\/emident.si\/it\/malattie-parodontali-durante-la-gravidanza\/\"},\"wordCount\":398,\"commentCount\":0,\"publisher\":{\"@id\":\"https:\/\/emident.si\/it\/#organization\"},\"image\":{\"@id\":\"https:\/\/emident.si\/it\/malattie-parodontali-durante-la-gravidanza\/#primaryimage\"},\"thumbnailUrl\":\"https:\/\/www.emident.si\/wp-content\/uploads\/2017\/06\/Nasveti-parodontoza-med-nosecnostjo-01.jpg\",\"articleSection\":[\"Consigli\"],\"inLanguage\":\"it-IT\",\"potentialAction\":[{\"@type\":\"CommentAction\",\"name\":\"Comment\",\"target\":[\"https:\/\/emident.si\/it\/malattie-parodontali-durante-la-gravidanza\/#respond\"]}]},{\"@type\":\"WebPage\",\"@id\":\"https:\/\/emident.si\/it\/malattie-parodontali-durante-la-gravidanza\/\",\"url\":\"https:\/\/emident.si\/it\/malattie-parodontali-durante-la-gravidanza\/\",\"name\":\"Malattie parodontali durante la gravidanza - Centro dentale Emident, Slovenia\",\"isPartOf\":{\"@id\":\"https:\/\/emident.si\/it\/#website\"},\"primaryImageOfPage\":{\"@id\":\"https:\/\/emident.si\/it\/malattie-parodontali-durante-la-gravidanza\/#primaryimage\"},\"image\":{\"@id\":\"https:\/\/emident.si\/it\/malattie-parodontali-durante-la-gravidanza\/#primaryimage\"},\"thumbnailUrl\":\"https:\/\/www.emident.si\/wp-content\/uploads\/2017\/06\/Nasveti-parodontoza-med-nosecnostjo-01.jpg\",\"datePublished\":\"2023-11-03T08:25:24+00:00\",\"dateModified\":\"2024-02-05T09:31:51+00:00\",\"breadcrumb\":{\"@id\":\"https:\/\/emident.si\/it\/malattie-parodontali-durante-la-gravidanza\/#breadcrumb\"},\"inLanguage\":\"it-IT\",\"potentialAction\":[{\"@type\":\"ReadAction\",\"target\":[\"https:\/\/emident.si\/it\/malattie-parodontali-durante-la-gravidanza\/\"]}]},{\"@type\":\"ImageObject\",\"inLanguage\":\"it-IT\",\"@id\":\"https:\/\/emident.si\/it\/malattie-parodontali-durante-la-gravidanza\/#primaryimage\",\"url\":\"https:\/\/www.emident.si\/wp-content\/uploads\/2017\/06\/Nasveti-parodontoza-med-nosecnostjo-01.jpg\",\"contentUrl\":\"https:\/\/www.emident.si\/wp-content\/uploads\/2017\/06\/Nasveti-parodontoza-med-nosecnostjo-01.jpg\"},{\"@type\":\"BreadcrumbList\",\"@id\":\"https:\/\/emident.si\/it\/malattie-parodontali-durante-la-gravidanza\/#breadcrumb\",\"itemListElement\":[{\"@type\":\"ListItem\",\"position\":1,\"name\":\"Home\",\"item\":\"https:\/\/emident.si\/it\/\"},{\"@type\":\"ListItem\",\"position\":2,\"name\":\"Malattie parodontali durante la gravidanza\"}]},{\"@type\":\"WebSite\",\"@id\":\"https:\/\/emident.si\/it\/#website\",\"url\":\"https:\/\/emident.si\/it\/\",\"name\":\"Dentalni center - Centro dentale EMIDENT\",\"description\":\"Slovenia\",\"publisher\":{\"@id\":\"https:\/\/emident.si\/it\/#organization\"},\"potentialAction\":[{\"@type\":\"SearchAction\",\"target\":{\"@type\":\"EntryPoint\",\"urlTemplate\":\"https:\/\/emident.si\/it\/?s={search_term_string}\"},\"query-input\":{\"@type\":\"PropertyValueSpecification\",\"valueRequired\":true,\"valueName\":\"search_term_string\"}}],\"inLanguage\":\"it-IT\"},{\"@type\":\"Organization\",\"@id\":\"https:\/\/emident.si\/it\/#organization\",\"name\":\"Dentalni center - Centro dentale EMIDENT\",\"url\":\"https:\/\/emident.si\/it\/\",\"logo\":{\"@type\":\"ImageObject\",\"inLanguage\":\"it-IT\",\"@id\":\"https:\/\/emident.si\/it\/#\/schema\/logo\/image\/\",\"url\":\"https:\/\/emident.si\/wp-content\/uploads\/2023\/11\/logo-emident.png\",\"contentUrl\":\"https:\/\/emident.si\/wp-content\/uploads\/2023\/11\/logo-emident.png\",\"width\":280,\"height\":58,\"caption\":\"Dentalni center - Centro dentale EMIDENT\"},\"image\":{\"@id\":\"https:\/\/emident.si\/it\/#\/schema\/logo\/image\/\"},\"sameAs\":[\"https:\/\/www.facebook.com\/profile.php?id=100054564364974\"]},{\"@type\":\"Person\",\"@id\":\"https:\/\/emident.si\/it\/#\/schema\/person\/bd38246b3af0f309c72eb705fed5b7f1\",\"name\":\"emident\",\"image\":{\"@type\":\"ImageObject\",\"inLanguage\":\"it-IT\",\"@id\":\"https:\/\/emident.si\/it\/#\/schema\/person\/image\/\",\"url\":\"https:\/\/secure.gravatar.com\/avatar\/390cb463209476b3854ca3f0482f195abdbcbfa449f6eae90ef6e1561044c08c?s=96&d=mm&r=g\",\"contentUrl\":\"https:\/\/secure.gravatar.com\/avatar\/390cb463209476b3854ca3f0482f195abdbcbfa449f6eae90ef6e1561044c08c?s=96&d=mm&r=g\",\"caption\":\"emident\"},\"sameAs\":[\"https:\/\/emident.si\/\"],\"url\":\"https:\/\/emident.si\/it\/author\/emident\/\"}]}<\/script>\n<!-- \/ Yoast SEO plugin. -->","yoast_head_json":{"title":"Malattie parodontali durante la gravidanza - Centro dentale Emident, Slovenia","robots":{"index":"index","follow":"follow","max-snippet":"max-snippet:-1","max-image-preview":"max-image-preview:large","max-video-preview":"max-video-preview:-1"},"canonical":"https:\/\/emident.si\/it\/malattie-parodontali-durante-la-gravidanza\/","og_locale":"it_IT","og_type":"article","og_title":"Malattie parodontali durante la gravidanza - Centro dentale Emident, Slovenia","og_description":"La salute del parodonto (tessuti parodontali) \u00e8 direttamente correlata alla salute dell\u2019intero corpo umano, che subisce cambiamenti durante tutti i periodi della vita (pubert\u00e0, gravidanza, menopausa). Le gengive e l\u2019osso parodontale sono influenzati dalle fluttuazioni ormonali, che rendono le gengive pi\u00f9 suscettibili allo sviluppo della malattia parodontale; quindi, \u00e8 necessario prestare particolare attenzione ai denti [&hellip;]","og_url":"https:\/\/emident.si\/it\/malattie-parodontali-durante-la-gravidanza\/","og_site_name":"Centro dentale Emident, Slovenia","article_publisher":"https:\/\/www.facebook.com\/profile.php?id=100054564364974","article_published_time":"2023-11-03T08:25:24+00:00","article_modified_time":"2024-02-05T09:31:51+00:00","og_image":[{"url":"https:\/\/www.emident.si\/wp-content\/uploads\/2017\/06\/Nasveti-parodontoza-med-nosecnostjo-01.jpg","type":"","width":"","height":""}],"author":"emident","twitter_card":"summary_large_image","twitter_misc":{"Scritto da":"emident","Tempo di lettura stimato":"3 minuti"},"schema":{"@context":"https:\/\/schema.org","@graph":[{"@type":"Article","@id":"https:\/\/emident.si\/it\/malattie-parodontali-durante-la-gravidanza\/#article","isPartOf":{"@id":"https:\/\/emident.si\/it\/malattie-parodontali-durante-la-gravidanza\/"},"author":{"name":"emident","@id":"https:\/\/emident.si\/it\/#\/schema\/person\/bd38246b3af0f309c72eb705fed5b7f1"},"headline":"Malattie parodontali durante la gravidanza","datePublished":"2023-11-03T08:25:24+00:00","dateModified":"2024-02-05T09:31:51+00:00","mainEntityOfPage":{"@id":"https:\/\/emident.si\/it\/malattie-parodontali-durante-la-gravidanza\/"},"wordCount":398,"commentCount":0,"publisher":{"@id":"https:\/\/emident.si\/it\/#organization"},"image":{"@id":"https:\/\/emident.si\/it\/malattie-parodontali-durante-la-gravidanza\/#primaryimage"},"thumbnailUrl":"https:\/\/www.emident.si\/wp-content\/uploads\/2017\/06\/Nasveti-parodontoza-med-nosecnostjo-01.jpg","articleSection":["Consigli"],"inLanguage":"it-IT","potentialAction":[{"@type":"CommentAction","name":"Comment","target":["https:\/\/emident.si\/it\/malattie-parodontali-durante-la-gravidanza\/#respond"]}]},{"@type":"WebPage","@id":"https:\/\/emident.si\/it\/malattie-parodontali-durante-la-gravidanza\/","url":"https:\/\/emident.si\/it\/malattie-parodontali-durante-la-gravidanza\/","name":"Malattie parodontali durante la gravidanza - Centro dentale Emident, Slovenia","isPartOf":{"@id":"https:\/\/emident.si\/it\/#website"},"primaryImageOfPage":{"@id":"https:\/\/emident.si\/it\/malattie-parodontali-durante-la-gravidanza\/#primaryimage"},"image":{"@id":"https:\/\/emident.si\/it\/malattie-parodontali-durante-la-gravidanza\/#primaryimage"},"thumbnailUrl":"https:\/\/www.emident.si\/wp-content\/uploads\/2017\/06\/Nasveti-parodontoza-med-nosecnostjo-01.jpg","datePublished":"2023-11-03T08:25:24+00:00","dateModified":"2024-02-05T09:31:51+00:00","breadcrumb":{"@id":"https:\/\/emident.si\/it\/malattie-parodontali-durante-la-gravidanza\/#breadcrumb"},"inLanguage":"it-IT","potentialAction":[{"@type":"ReadAction","target":["https:\/\/emident.si\/it\/malattie-parodontali-durante-la-gravidanza\/"]}]},{"@type":"ImageObject","inLanguage":"it-IT","@id":"https:\/\/emident.si\/it\/malattie-parodontali-durante-la-gravidanza\/#primaryimage","url":"https:\/\/www.emident.si\/wp-content\/uploads\/2017\/06\/Nasveti-parodontoza-med-nosecnostjo-01.jpg","contentUrl":"https:\/\/www.emident.si\/wp-content\/uploads\/2017\/06\/Nasveti-parodontoza-med-nosecnostjo-01.jpg"},{"@type":"BreadcrumbList","@id":"https:\/\/emident.si\/it\/malattie-parodontali-durante-la-gravidanza\/#breadcrumb","itemListElement":[{"@type":"ListItem","position":1,"name":"Home","item":"https:\/\/emident.si\/it\/"},{"@type":"ListItem","position":2,"name":"Malattie parodontali durante la gravidanza"}]},{"@type":"WebSite","@id":"https:\/\/emident.si\/it\/#website","url":"https:\/\/emident.si\/it\/","name":"Dentalni center - Centro dentale EMIDENT","description":"Slovenia","publisher":{"@id":"https:\/\/emident.si\/it\/#organization"},"potentialAction":[{"@type":"SearchAction","target":{"@type":"EntryPoint","urlTemplate":"https:\/\/emident.si\/it\/?s={search_term_string}"},"query-input":{"@type":"PropertyValueSpecification","valueRequired":true,"valueName":"search_term_string"}}],"inLanguage":"it-IT"},{"@type":"Organization","@id":"https:\/\/emident.si\/it\/#organization","name":"Dentalni center - Centro dentale EMIDENT","url":"https:\/\/emident.si\/it\/","logo":{"@type":"ImageObject","inLanguage":"it-IT","@id":"https:\/\/emident.si\/it\/#\/schema\/logo\/image\/","url":"https:\/\/emident.si\/wp-content\/uploads\/2023\/11\/logo-emident.png","contentUrl":"https:\/\/emident.si\/wp-content\/uploads\/2023\/11\/logo-emident.png","width":280,"height":58,"caption":"Dentalni center - Centro dentale EMIDENT"},"image":{"@id":"https:\/\/emident.si\/it\/#\/schema\/logo\/image\/"},"sameAs":["https:\/\/www.facebook.com\/profile.php?id=100054564364974"]},{"@type":"Person","@id":"https:\/\/emident.si\/it\/#\/schema\/person\/bd38246b3af0f309c72eb705fed5b7f1","name":"emident","image":{"@type":"ImageObject","inLanguage":"it-IT","@id":"https:\/\/emident.si\/it\/#\/schema\/person\/image\/","url":"https:\/\/secure.gravatar.com\/avatar\/390cb463209476b3854ca3f0482f195abdbcbfa449f6eae90ef6e1561044c08c?s=96&d=mm&r=g","contentUrl":"https:\/\/secure.gravatar.com\/avatar\/390cb463209476b3854ca3f0482f195abdbcbfa449f6eae90ef6e1561044c08c?s=96&d=mm&r=g","caption":"emident"},"sameAs":["https:\/\/emident.si\/"],"url":"https:\/\/emident.si\/it\/author\/emident\/"}]}},"_links":{"self":[{"href":"https:\/\/emident.si\/it\/wp-json\/wp\/v2\/posts\/373","targetHints":{"allow":["GET"]}}],"collection":[{"href":"https:\/\/emident.si\/it\/wp-json\/wp\/v2\/posts"}],"about":[{"href":"https:\/\/emident.si\/it\/wp-json\/wp\/v2\/types\/post"}],"author":[{"embeddable":true,"href":"https:\/\/emident.si\/it\/wp-json\/wp\/v2\/users\/1"}],"replies":[{"embeddable":true,"href":"https:\/\/emident.si\/it\/wp-json\/wp\/v2\/comments?post=373"}],"version-history":[{"count":1,"href":"https:\/\/emident.si\/it\/wp-json\/wp\/v2\/posts\/373\/revisions"}],"predecessor-version":[{"id":374,"href":"https:\/\/emident.si\/it\/wp-json\/wp\/v2\/posts\/373\/revisions\/374"}],"wp:attachment":[{"href":"https:\/\/emident.si\/it\/wp-json\/wp\/v2\/media?parent=373"}],"wp:term":[{"taxonomy":"category","embeddable":true,"href":"https:\/\/emident.si\/it\/wp-json\/wp\/v2\/categories?post=373"},{"taxonomy":"post_tag","embeddable":true,"href":"https:\/\/emident.si\/it\/wp-json\/wp\/v2\/tags?post=373"}],"curies":[{"name":"wp","href":"https:\/\/api.w.org\/{rel}","templated":true}]}}